{"id":775,"date":"2020-11-20T11:49:51","date_gmt":"2020-11-20T09:49:51","guid":{"rendered":"http:\/\/peter.vollmer.ch\/?p=775"},"modified":"2020-11-20T12:05:37","modified_gmt":"2020-11-20T10:05:37","slug":"kunstbefreiung-in-muerren","status":"publish","type":"post","link":"https:\/\/peter.vollmer.ch\/?p=775","title":{"rendered":"Kunstbefreiung in M\u00fcrren:"},"content":{"rendered":"\n<h1 class=\"wp-block-heading\">Die Bild-Befreier kommen ungestraft davon<\/h1>\n\n\n\n<h2 class=\"wp-block-heading\">Gegen die Kunstaktivisten, die im Bahnhof M\u00fcrren ein Wandbild freigelegt haben, wird kein Strafverfahren er\u00f6ffnet. Aber wie lange lassen die Jungfraubahnen die Schmetterlinge noch fliegen?<\/h2>\n\n\n\n<p>Alexander SuryAktualisiert: 18.11.2020, 14:47<\/p>\n\n\n\n<figure class=\"wp-block-image\"><img decoding=\"async\" src=\"https:\/\/cdn.unitycms.io\/image\/ocroped\/1200,1200,1000,1000,0,0\/q4Q7jPRGQYM\/9_GMGKsDaKeBTB6dHZ38oa.jpg\" alt=\"Aus der Dunkelheit ans Licht: Das w\u00e4hrend Jahren verdeckte Wandbild aus dem Jahr 1966 im Bahnhof M\u00fcrren.\"\/><\/figure>\n\n\n\n<p>Aus der Dunkelheit ans Licht: Das w\u00e4hrend Jahren verdeckte Wandbild aus dem Jahr 1966 im Bahnhof M\u00fcrren.Foto: Alex Winiger\/mural.ch<\/p>\n\n\n\n<p>Die Kunstbefreiungs-Aktion im Bahnhof M\u00fcrren hatte im Fr\u00fchsommer dieses Jahres weit \u00fcber das Tal hinaus <a href=\"http:\/\/www.derbund.ch\/569317444589\" target=\"_blank\" rel=\"noreferrer noopener\">f\u00fcr Schlagzeilen gesorgt<\/a>. Eine Gruppe langj\u00e4hriger M\u00fcrren-Fans und Kunstliebhaber um den Autor Tom Kummer, Alt-Nationalrat Peter Vollmer, die Historikerin Gisela Vollmer sowie den emeritierten Medizinprofessor Hans Hoppeler hatte ein Werbebanner der Jungfraubahnen oberhalb des Wartsaals im Bahnhof M\u00fcrren abmontiert. Das 1966 entstandene Wandbild des Plakatmalers und Grafikers Alex Walter Diggelmann, das darunter versteckt war \u2013 eine bunte Meditation in Blumen, Schmetterlingen und Schneeflocken \u2013, sollte so der \u00d6ffentlichkeit wieder zug\u00e4nglich gemacht werden. Weiter nach der Werbunghttps:\/\/tpc.googlesyndication.com\/safeframe\/1-0-37\/html\/container.html<\/p>\n\n\n\n<p>Die Jungfraubahnen waren indes gar nicht am\u00fcsiert ob dieses \u00abStreichs\u00bb, lehnten die Teilnahme an einem Podiumsgespr\u00e4ch Ende Juli im Hotel Regina in M\u00fcrren ab und reichten Strafanzeige wegen Sachbesch\u00e4digung und Hausfriedensbruch ein.<\/p>\n\n\n\n<blockquote class=\"wp-block-quote is-layout-flow wp-block-quote-is-layout-flow\"><p>\u00abDie Beschuldigten beabsichtigten durch ihr Handeln nicht, der Bergbahn einen Schaden zuzuf\u00fcgen.\u00bbStaatsanwaltschaft des Kantons Bern<\/p><\/blockquote>\n\n\n\n<p>K\u00fcrzlich haben nun die insgesamt neun Kunstaktivisten von der Staatsanwaltschaft des Kantons Bern Post erhalten mit dem Bescheid, dass gegen sie kein Verfahren er\u00f6ffnet wird. Im Untersuchungsbericht wird festgehalten, dass sowohl die Schuld wie auch die Tatfolgen als \u00absehr gering\u00bb einzustufen seien, denn \u00abdie Beschuldigten beabsichtigten durch ihr Handeln das Sichtbarmachen des Gem\u00e4ldes von Alex Diggelmann und nicht, der Bergbahn M\u00fcrren-Lauterbrunnen AG einen Schaden zuzuf\u00fcgen\u00bb. Die Verfahrenskosten tr\u00e4gt der Kanton, eine Entsch\u00e4digung muss nicht gezahlt werden. Die Jungfraubahnen haben auf einen Rekurs verzichtet.<\/p>\n\n\n\n<h3 class=\"wp-block-heading\">Unterschriftenaktion lanciert<\/h3>\n\n\n\n<p>Alex Walter Diggelmann (1902\u20131987) ist einer der bekanntesten Schweizer Gebrauchsgrafiker des 20. Jahrhunderts. Er entwarf unter anderem die bis heute vergebenen Medaillen bei Ski-Weltmeisterschaften und gestaltete in poppigen Farben und mit expressionistischen Perspektiven zahllose Sport- und Tourismusplakate f\u00fcr Schweizer Winterdestinationen. Seit seiner \u00abBefreiung\u00bb Mitte Juni ist Diggelmanns Wandbild im Bahnhof M\u00fcrren sichtbar geblieben. Die Aktivisten haben laut eigenen Angaben \u00fcber den Sommer und Herbst viele positive R\u00fcckmeldungen erhalten und auch eine Unterschriftenaktion lanciert.<\/p>\n\n\n\n<p>In einem Brief von Anfang November an den Chef der Jungfraubahnen, Urs Kessler, schreiben Tom Kummer, Gisela Vollmer und Hans Hoppeler als Vertreter der Gruppe, es sei ihnen ein Anliegen, \u00abdass bei der Planung des Bahnhofsumbaus daf\u00fcr gesorgt werden kann, dieses Wandbild allenfalls noch besser zur Geltung zu bringen\u00bb. Der behindertengerechte Umbau des Bahnhofs ist f\u00fcr 2022 geplant, wie Kathrin Naegeli, Sprecherin der Jungfraubahnen, auf Anfrage best\u00e4tigt. Weiter nach der Werbunghttps:\/\/38959513ae57d9cb979bebc94f085c08.safeframe.googlesyndication.com\/safeframe\/1-0-37\/html\/container.html<\/p>\n\n\n\n<p>Ansonsten geben sich die Jungfraubahnen zugekn\u00f6pft. Ob das Wandbild dereinst im umgebauten Bahnhof einen festen Platz bekommen wird, sei zum jetzigen Zeitpunkt noch offen: \u00ab\u00dcber die Zukunft des Wandbildes werden die Jungfraubahnen im Rahmen des Umbaus des Bahnhofes M\u00fcrren entscheiden.\u00bb<\/p>\n\n\n\n<h3 class=\"wp-block-heading\">Zum Funkeln bringen<\/h3>\n\n\n\n<p>Die Gruppe \u00abDiggelmann\u00bb zumindest macht in dem Brief an CEO Urs Kessler bereits konkrete Vorschl\u00e4ge: Eine Plakette wird angeregt, die den historischen Kontext der Wandmalerei erl\u00e4utert. Weiter soll ein ung\u00fcnstig positionierter Monitor vor dem Wandbild versetzt werden. \u00abAuch sollte eine geeignete Beleuchtung die Farben des Bildes zum Vorschein bringen, um so \u00abdas Juwel in einem architektonisch wertvollen Bahnhofsgeb\u00e4ude\u00bb zum Funkeln zu bringen. Affaire \u00e0 suivre.Publiziert: 18.11.2020, 14:46<\/p>\n\n\n\n<figure class=\"wp-block-image size-large\"><img loading=\"lazy\" decoding=\"async\" width=\"1024\" height=\"714\" src=\"https:\/\/peter.vollmer.ch\/wp-content\/uploads\/2020\/11\/Diggelmann_Aktion-1024x714.jpg\" alt=\"\" class=\"wp-image-778\" srcset=\"https:\/\/peter.vollmer.ch\/wp-content\/uploads\/2020\/11\/Diggelmann_Aktion-1024x714.jpg 1024w, https:\/\/peter.vollmer.ch\/wp-content\/uploads\/2020\/11\/Diggelmann_Aktion-300x209.jpg 300w, https:\/\/peter.vollmer.ch\/wp-content\/uploads\/2020\/11\/Diggelmann_Aktion-768x536.jpg 768w, https:\/\/peter.vollmer.ch\/wp-content\/uploads\/2020\/11\/Diggelmann_Aktion-1536x1072.jpg 1536w, https:\/\/peter.vollmer.ch\/wp-content\/uploads\/2020\/11\/Diggelmann_Aktion.jpg 2001w\" sizes=\"auto, (max-width: 1024px) 100vw, 1024px\" \/><\/figure>\n\n\n\n<p>Die Kulturt\u00e4terinnen und Kulturt\u00e4ter nach der erfolgreichen Guerilla-Aktion im Sommer 2020.<\/p>\n","protected":false},"excerpt":{"rendered":"<p>Die Bild-Befreier kommen ungestraft davon Gegen die Kunstaktivisten, die im Bahnhof M\u00fcrren ein Wandbild freigelegt haben, wird kein Strafverfahren er\u00f6ffnet. Aber wie lange lassen die Jungfraubahnen die Schmetterlinge noch fliegen? (&hellip;) <a href=\"https:\/\/peter.vollmer.ch\/?p=775\">Weiterlesen<\/a><\/p>\n","protected":false},"author":1,"featured_media":0,"comment_status":"closed","ping_status":"","sticky":false,"template":"","format":"standard","meta":{"footnotes":""},"categories":[1],"tags":[],"class_list":["post-775","post","type-post","status-publish","format-standard","hentry","category-allgemein"],"_links":{"self":[{"href":"https:\/\/peter.vollmer.ch\/index.php?rest_route=\/wp\/v2\/posts\/775","targetHints":{"allow":["GET"]}}],"collection":[{"href":"https:\/\/peter.vollmer.ch\/index.php?rest_route=\/wp\/v2\/posts"}],"about":[{"href":"https:\/\/peter.vollmer.ch\/index.php?rest_route=\/wp\/v2\/types\/post"}],"author":[{"embeddable":true,"href":"https:\/\/peter.vollmer.ch\/index.php?rest_route=\/wp\/v2\/users\/1"}],"replies":[{"embeddable":true,"href":"https:\/\/peter.vollmer.ch\/index.php?rest_route=%2Fwp%2Fv2%2Fcomments&post=775"}],"version-history":[{"count":3,"href":"https:\/\/peter.vollmer.ch\/index.php?rest_route=\/wp\/v2\/posts\/775\/revisions"}],"predecessor-version":[{"id":780,"href":"https:\/\/peter.vollmer.ch\/index.php?rest_route=\/wp\/v2\/posts\/775\/revisions\/780"}],"wp:attachment":[{"href":"https:\/\/peter.vollmer.ch\/index.php?rest_route=%2Fwp%2Fv2%2Fmedia&parent=775"}],"wp:term":[{"taxonomy":"category","embeddable":true,"href":"https:\/\/peter.vollmer.ch\/index.php?rest_route=%2Fwp%2Fv2%2Fcategories&post=775"},{"taxonomy":"post_tag","embeddable":true,"href":"https:\/\/peter.vollmer.ch\/index.php?rest_route=%2Fwp%2Fv2%2Ftags&post=775"}],"curies":[{"name":"wp","href":"https:\/\/api.w.org\/{rel}","templated":true}]}}