{"id":651,"date":"2016-08-26T15:59:01","date_gmt":"2016-08-26T13:59:01","guid":{"rendered":"http:\/\/peter.vollmer.ch\/?p=651"},"modified":"2018-01-28T19:12:50","modified_gmt":"2018-01-28T17:12:50","slug":"internat-sommerakademie-im-hotel-regina-muerren","status":"publish","type":"post","link":"https:\/\/peter.vollmer.ch\/?p=651","title":{"rendered":"Internat. Sommerakademie im Hotel Regina, M\u00fcrren"},"content":{"rendered":"<p><strong>&#8222;Verst\u00e4ndigung durch Musik!&#8220;<br \/>\n<\/strong><\/p>\n<p><strong>Die Internationale Sommerakademie im Hotel Regina in M\u00fcrren findet in diesem Jahr wiederum statt: 23. Juli &#8211; 3. August 2018<\/strong><br \/>\n(Anmeldungen via Homepage www.reginamuerren.ch)<\/p>\n<p>Im letzten August 2017 hat bereits die dritte Sommerakademie stattgefunden:<\/p>\n<p>Siebenundzwanzig hochbegabte Musikersch\u00fclerInnen zwischen 14 und 18 Jahren aus 8 L\u00e4ndern haben gemeinsam mit 8 ProfessorInnen verschiedene Kammermusikwerke einge\u00fcbt und in grossartigen Konzerten im Regina und in der Kirche pr\u00e4sentiert.<\/p>\n<p>Ein Grossteil der jungen MusikerInnen stammten aus St. Petersburg (Russland) und aus Odessa (Ukraine). In M\u00fcrren haben sie w\u00e4hrend 12 Tagen gemeinsam musiziert und gelebt.<\/p>\n<p><a href=\"https:\/\/peter.vollmer.ch\/wp-content\/uploads\/2016\/08\/IMG_1991.jpg\"><img loading=\"lazy\" decoding=\"async\" class=\"alignnone size-medium wp-image-657\" src=\"https:\/\/peter.vollmer.ch\/wp-content\/uploads\/2016\/08\/IMG_1991-300x225.jpg\" alt=\"IMG_1991\" width=\"300\" height=\"225\" srcset=\"https:\/\/peter.vollmer.ch\/wp-content\/uploads\/2016\/08\/IMG_1991-300x225.jpg 300w, https:\/\/peter.vollmer.ch\/wp-content\/uploads\/2016\/08\/IMG_1991-1024x768.jpg 1024w\" sizes=\"auto, (max-width: 300px) 100vw, 300px\" \/><\/a><\/p>\n<p><a href=\"https:\/\/peter.vollmer.ch\/wp-content\/uploads\/2016\/08\/IMG_1863.jpg\"><img loading=\"lazy\" decoding=\"async\" class=\"alignnone size-medium wp-image-655\" src=\"https:\/\/peter.vollmer.ch\/wp-content\/uploads\/2016\/08\/IMG_1863-300x225.jpg\" alt=\"IMG_1863\" width=\"300\" height=\"225\" srcset=\"https:\/\/peter.vollmer.ch\/wp-content\/uploads\/2016\/08\/IMG_1863-300x225.jpg 300w, https:\/\/peter.vollmer.ch\/wp-content\/uploads\/2016\/08\/IMG_1863-1024x768.jpg 1024w\" sizes=\"auto, (max-width: 300px) 100vw, 300px\" \/><\/a><br \/>\n<a href=\"https:\/\/peter.vollmer.ch\/wp-content\/uploads\/2016\/08\/IMG_18451-e1472220903829.jpg\"><img loading=\"lazy\" decoding=\"async\" class=\"alignnone size-medium wp-image-661\" src=\"https:\/\/peter.vollmer.ch\/wp-content\/uploads\/2016\/08\/IMG_18451-e1472220903829-225x300.jpg\" alt=\"IMG_1845\" width=\"225\" height=\"300\" srcset=\"https:\/\/peter.vollmer.ch\/wp-content\/uploads\/2016\/08\/IMG_18451-e1472220903829-225x300.jpg 225w, https:\/\/peter.vollmer.ch\/wp-content\/uploads\/2016\/08\/IMG_18451-e1472220903829-768x1024.jpg 768w\" sizes=\"auto, (max-width: 225px) 100vw, 225px\" \/><\/a><\/p>\n<p><a href=\"https:\/\/peter.vollmer.ch\/wp-content\/uploads\/2016\/08\/IMG_1781-2.jpg\"><img loading=\"lazy\" decoding=\"async\" class=\"alignnone size-medium wp-image-658\" src=\"https:\/\/peter.vollmer.ch\/wp-content\/uploads\/2016\/08\/IMG_1781-2-300x225.jpg\" alt=\"IMG_1781 (2)\" width=\"300\" height=\"225\" srcset=\"https:\/\/peter.vollmer.ch\/wp-content\/uploads\/2016\/08\/IMG_1781-2-300x225.jpg 300w, https:\/\/peter.vollmer.ch\/wp-content\/uploads\/2016\/08\/IMG_1781-2-1024x768.jpg 1024w, https:\/\/peter.vollmer.ch\/wp-content\/uploads\/2016\/08\/IMG_1781-2.jpg 2048w\" sizes=\"auto, (max-width: 300px) 100vw, 300px\" \/><\/a><\/p>\n<p><a href=\"https:\/\/peter.vollmer.ch\/wp-content\/uploads\/2016\/08\/PosterReginaAkademie2016_021.pdf\">PosterReginaAkademie2016_02[1]<\/a><\/p>\n","protected":false},"excerpt":{"rendered":"<p>&#8222;Verst\u00e4ndigung durch Musik!&#8220; Die Internationale Sommerakademie im Hotel Regina in M\u00fcrren findet in diesem Jahr wiederum statt: 23. Juli &#8211; 3. August 2018 (Anmeldungen via Homepage www.reginamuerren.ch) Im letzten August (&hellip;) <a href=\"https:\/\/peter.vollmer.ch\/?p=651\">Weiterlesen<\/a><\/p>\n","protected":false},"author":1,"featured_media":653,"comment_status":"closed","ping_status":"closed","sticky":false,"template":"","format":"standard","meta":{"footnotes":""},"categories":[1],"tags":[],"class_list":["post-651","post","type-post","status-publish","format-standard","has-post-thumbnail","hentry","category-allgemein"],"_links":{"self":[{"href":"https:\/\/peter.vollmer.ch\/index.php?rest_route=\/wp\/v2\/posts\/651","targetHints":{"allow":["GET"]}}],"collection":[{"href":"https:\/\/peter.vollmer.ch\/index.php?rest_route=\/wp\/v2\/posts"}],"about":[{"href":"https:\/\/peter.vollmer.ch\/index.php?rest_route=\/wp\/v2\/types\/post"}],"author":[{"embeddable":true,"href":"https:\/\/peter.vollmer.ch\/index.php?rest_route=\/wp\/v2\/users\/1"}],"replies":[{"embeddable":true,"href":"https:\/\/peter.vollmer.ch\/index.php?rest_route=%2Fwp%2Fv2%2Fcomments&post=651"}],"version-history":[{"count":9,"href":"https:\/\/peter.vollmer.ch\/index.php?rest_route=\/wp\/v2\/posts\/651\/revisions"}],"predecessor-version":[{"id":699,"href":"https:\/\/peter.vollmer.ch\/index.php?rest_route=\/wp\/v2\/posts\/651\/revisions\/699"}],"wp:featuredmedia":[{"embeddable":true,"href":"https:\/\/peter.vollmer.ch\/index.php?rest_route=\/wp\/v2\/media\/653"}],"wp:attachment":[{"href":"https:\/\/peter.vollmer.ch\/index.php?rest_route=%2Fwp%2Fv2%2Fmedia&parent=651"}],"wp:term":[{"taxonomy":"category","embeddable":true,"href":"https:\/\/peter.vollmer.ch\/index.php?rest_route=%2Fwp%2Fv2%2Fcategories&post=651"},{"taxonomy":"post_tag","embeddable":true,"href":"https:\/\/peter.vollmer.ch\/index.php?rest_route=%2Fwp%2Fv2%2Ftags&post=651"}],"curies":[{"name":"wp","href":"https:\/\/api.w.org\/{rel}","templated":true}]}}